{"id":146,"date":"2019-11-13T04:44:04","date_gmt":"2019-11-13T04:44:04","guid":{"rendered":"http:\/\/asos.nasz-dom.org\/?p=146"},"modified":"2020-02-07T10:44:13","modified_gmt":"2020-02-07T10:44:13","slug":"seniorzy-wiedza-i-doswiadczenie-ii-edycja-gala-seniora","status":"publish","type":"post","link":"http:\/\/asos.nasz-dom.org\/?p=146","title":{"rendered":"Seniorzy Wiedza i Do\u015bwiadczenie II edycja &#8211; Gala Seniora"},"content":{"rendered":"<p style=\"text-align: justify;\">Mimo \u017ce zaj\u0119cia rz\u0105dowego programu ASOS 2019 dla Senior\u00f3w prowadzone przez Stowarzyszenie Nasz Dom potrwaj\u0105 jeszcze do ko\u0144ca grudnia, to uczestnicy projektu 12 listopada 2019 zgromadzili si\u0119 w MDK \u201eBatory\u201d, by bawi\u0107 si\u0119 podczas imprezy zorganizowanej z okazji ich uroczystego zako\u0144czenia oraz dnia Seniora. Na sali widowiskowej o\u015brodka zgromadzi\u0142o si\u0119 ponad 200 os\u00f3b.<!--more--><\/p>\n<div style=\"width: 1160px;\" class=\"wp-video\"><!--[if lt IE 9]><script>document.createElement('video');<\/script><![endif]-->\n<video class=\"wp-video-shortcode\" id=\"video-146-1\" width=\"1160\" height=\"653\" preload=\"metadata\" controls=\"controls\"><source type=\"video\/mp4\" src=\"http:\/\/asos.nasz-dom.org\/wp-content\/uploads\/2019\/11\/1080p.mov.mp4?_=1\" \/><a href=\"http:\/\/asos.nasz-dom.org\/wp-content\/uploads\/2019\/11\/1080p.mov.mp4\">http:\/\/asos.nasz-dom.org\/wp-content\/uploads\/2019\/11\/1080p.mov.mp4<\/a><\/video><\/div>\n<p style=\"text-align: justify;\"><a href=\"http:\/\/asos.nasz-dom.org\/\">Projekt &#8222;Seniorzy Wiedza i Do\u015bwiadczenie&#8221;<\/a>\u00a0II &#8211; edycja\u00a0to projekt wsp\u00f3\u0142finansowany ze \u015brodk\u00f3w MRPiPS w ramach Rz\u0105dowego Programu na Rzecz Aktywno\u015bci Spo\u0142ecznej Os\u00f3b Starszych na lata 2014\u20132020. W naszym mie\u015bcie organizuje go Stowarzyszenie <a href=\"http:\/\/nasz-dom.org\/\">&#8222;Nasz DOM&#8221;<\/a>. Zaj\u0119cia dla senior\u00f3w, czyli os\u00f3b powy\u017cej sze\u015b\u0107dziesi\u0105tego roku \u017cycia, rozpocz\u0119\u0142y si\u0119 1 maja, a zako\u0144cz\u0105 si\u0119 ostatniego dnia grudnia. Zaj\u0119cia s\u0105 prowadzone w budynku Centrum Aktywizacji Spo\u0142ecznej w Chorzowie przy ul. Powsta\u0144c\u00f3w 70. <a href=\"http:\/\/cas-chorzow.pl\/\">CAS<\/a> prowadzony przez Pani\u0105 Aleksandr\u0119 Weindich przyczyni\u0142 si\u0119 organizacyjnie do sukcesu Nasz Dom. Swoim zasi\u0119giem obejmowa\u0142 projekt senior\u00f3w z Chorzowa, \u015awi\u0119toch\u0142owic, Rudy \u015al\u0105skiej, Katowic oraz Bytomia. W projekcie r\u00f3wnie\u017c brali udzia\u0142 seniorzy z innych s\u0105siednich miast. <em>To ju\u017c druga edycja tego projektu, mamy nadziej\u0119, \u017ce Stowarzyszeniu uda si\u0119 wygra\u0107 konkurs na zorganizowanie kolejnej edycji. Dobrze by\u0142oby te\u017c uzyska\u0107 \u015brodki z Urz\u0119du Miasta, czy Urz\u0119du Marsza\u0142kowskiego na prowadzenie tego typu zaj\u0119\u0107, gdy\u017c zainteresowanie jest ogromne o czym \u015bwiadczy liczba zgromadzonych uczestnik\u00f3w na Gali Seniora<\/em> &#8211; m\u00f3wi Dariusz Mierzwa Prezes Stowarzyszenia <a href=\"http:\/\/nasz-dom.org\/\">Nasz Dom<\/a>. <em>B\u0119dziemy czyni\u0107 wszelkie starania, aby sprosta\u0107 oczekiwaniom naszych Senior\u00f3w &#8211; dodaje.<img loading=\"lazy\" class=\"alignleft wp-image-152 size-full\" src=\"http:\/\/asos.nasz-dom.org\/wp-content\/uploads\/2019\/11\/Gala-88.jpg\" alt=\"\" width=\"2126\" height=\"1419\" srcset=\"http:\/\/asos.nasz-dom.org\/wp-content\/uploads\/2019\/11\/Gala-88.jpg 2126w, http:\/\/asos.nasz-dom.org\/wp-content\/uploads\/2019\/11\/Gala-88-300x200.jpg 300w, http:\/\/asos.nasz-dom.org\/wp-content\/uploads\/2019\/11\/Gala-88-768x513.jpg 768w, http:\/\/asos.nasz-dom.org\/wp-content\/uploads\/2019\/11\/Gala-88-1024x683.jpg 1024w, http:\/\/asos.nasz-dom.org\/wp-content\/uploads\/2019\/11\/Gala-88-600x400.jpg 600w, http:\/\/asos.nasz-dom.org\/wp-content\/uploads\/2019\/11\/Gala-88-820x547.jpg 820w\" sizes=\"(max-width: 2126px) 100vw, 2126px\" \/> <img loading=\"lazy\" class=\"alignleft wp-image-151 size-full\" src=\"http:\/\/asos.nasz-dom.org\/wp-content\/uploads\/2019\/11\/Gala-53.jpg\" alt=\"\" width=\"2126\" height=\"1419\" srcset=\"http:\/\/asos.nasz-dom.org\/wp-content\/uploads\/2019\/11\/Gala-53.jpg 2126w, http:\/\/asos.nasz-dom.org\/wp-content\/uploads\/2019\/11\/Gala-53-300x200.jpg 300w, http:\/\/asos.nasz-dom.org\/wp-content\/uploads\/2019\/11\/Gala-53-768x513.jpg 768w, http:\/\/asos.nasz-dom.org\/wp-content\/uploads\/2019\/11\/Gala-53-1024x683.jpg 1024w, http:\/\/asos.nasz-dom.org\/wp-content\/uploads\/2019\/11\/Gala-53-600x400.jpg 600w, http:\/\/asos.nasz-dom.org\/wp-content\/uploads\/2019\/11\/Gala-53-820x547.jpg 820w\" sizes=\"(max-width: 2126px) 100vw, 2126px\" \/> <img loading=\"lazy\" class=\"alignnone wp-image-149 size-full\" src=\"http:\/\/asos.nasz-dom.org\/wp-content\/uploads\/2019\/11\/Gala-2.jpg\" alt=\"\" width=\"2126\" height=\"1419\" srcset=\"http:\/\/asos.nasz-dom.org\/wp-content\/uploads\/2019\/11\/Gala-2.jpg 2126w, http:\/\/asos.nasz-dom.org\/wp-content\/uploads\/2019\/11\/Gala-2-300x200.jpg 300w, http:\/\/asos.nasz-dom.org\/wp-content\/uploads\/2019\/11\/Gala-2-768x513.jpg 768w, http:\/\/asos.nasz-dom.org\/wp-content\/uploads\/2019\/11\/Gala-2-1024x683.jpg 1024w, http:\/\/asos.nasz-dom.org\/wp-content\/uploads\/2019\/11\/Gala-2-600x400.jpg 600w, http:\/\/asos.nasz-dom.org\/wp-content\/uploads\/2019\/11\/Gala-2-820x547.jpg 820w\" sizes=\"(max-width: 2126px) 100vw, 2126px\" \/><\/em><\/p>\n<p style=\"text-align: justify;\">Czy w przysz\u0142ym roku ponownie b\u0119dzie mo\u017cna wzi\u0105\u0107 udzia\u0142 w zaj\u0119ciach Projektu? &#8211; Wielu uczestnik\u00f3w zadaje nam to pytanie, ale w tej chwili nie jeste\u015bmy w stanie udzieli\u0107 na nie odpowiedzi. Musimy napisa\u0107 kolejny projekt i postara\u0107 si\u0119 go wygra\u0107. Mog\u0119 jednak zdradzi\u0107, \u017ce postaramy si\u0119 przygotowa\u0107 dla nich dodatkowe zaj\u0119cia, kt\u00f3re rozpoczn\u0105 si\u0119 w ju\u017c styczniu przysz\u0142ego 2020 roku \u2013 dodaje Gabriela Skrzypek koordynatorka projektu ASOS 2019, a zarazem Prezes CHSP Serce.<\/p>\n","protected":false},"excerpt":{"rendered":"<p>Mimo \u017ce zaj\u0119cia rz\u0105dowego programu ASOS 2019 dla Senior\u00f3w prowadzone przez Stowarzyszenie Nasz Dom potrwaj\u0105 jeszcze do ko\u0144ca grudnia, to uczestnicy projektu 12 listopada 2019 zgromadzili si\u0119 w MDK \u201eBatory\u201d, by bawi\u0107 si\u0119 podczas imprezy zorganizowanej z okazji ich uroczystego zako\u0144czenia oraz dnia Seniora. Na sali widowiskowej o\u015brodka zgromadzi\u0142o si\u0119 ponad 200 os\u00f3b.<\/p>\n","protected":false},"author":1,"featured_media":150,"comment_status":"open","ping_status":"open","sticky":false,"template":"","format":"standard","meta":[],"categories":[1],"tags":[14,12,5],"_links":{"self":[{"href":"http:\/\/asos.nasz-dom.org\/index.php?rest_route=\/wp\/v2\/posts\/146"}],"collection":[{"href":"http:\/\/asos.nasz-dom.org\/index.php?rest_route=\/wp\/v2\/posts"}],"about":[{"href":"http:\/\/asos.nasz-dom.org\/index.php?rest_route=\/wp\/v2\/types\/post"}],"author":[{"embeddable":true,"href":"http:\/\/asos.nasz-dom.org\/index.php?rest_route=\/wp\/v2\/users\/1"}],"replies":[{"embeddable":true,"href":"http:\/\/asos.nasz-dom.org\/index.php?rest_route=%2Fwp%2Fv2%2Fcomments&post=146"}],"version-history":[{"count":4,"href":"http:\/\/asos.nasz-dom.org\/index.php?rest_route=\/wp\/v2\/posts\/146\/revisions"}],"predecessor-version":[{"id":160,"href":"http:\/\/asos.nasz-dom.org\/index.php?rest_route=\/wp\/v2\/posts\/146\/revisions\/160"}],"wp:featuredmedia":[{"embeddable":true,"href":"http:\/\/asos.nasz-dom.org\/index.php?rest_route=\/wp\/v2\/media\/150"}],"wp:attachment":[{"href":"http:\/\/asos.nasz-dom.org\/index.php?rest_route=%2Fwp%2Fv2%2Fmedia&parent=146"}],"wp:term":[{"taxonomy":"category","embeddable":true,"href":"http:\/\/asos.nasz-dom.org\/index.php?rest_route=%2Fwp%2Fv2%2Fcategories&post=146"},{"taxonomy":"post_tag","embeddable":true,"href":"http:\/\/asos.nasz-dom.org\/index.php?rest_route=%2Fwp%2Fv2%2Ftags&post=146"}],"curies":[{"name":"wp","href":"https:\/\/api.w.org\/{rel}","templated":true}]}}